{"id":603,"date":"2009-12-19T00:00:00","date_gmt":"2009-12-18T23:00:00","guid":{"rendered":"http:\/\/galeriedeparis.fr\/wp3_af\/?p=603"},"modified":"2013-11-27T21:53:23","modified_gmt":"2013-11-27T20:53:23","slug":"anna-filimonova-et-kojiro-akagi-au-salon-annuel-de-la-societe-nationale-des-beaux-arts-2","status":"publish","type":"post","link":"https:\/\/galeriedeparis.fr\/wp3_af\/?p=603","title":{"rendered":"Salon 2009 de la Soci\u00e9t\u00e9 Nationale des Beaux-Arts au Carrousel du Louvre"},"content":{"rendered":"<h2>Anna Filimonova a expos\u00e9, le jeudi 10 d\u00e9cembre 2009, lors du vernissage du Salon 2009 de la Soci\u00e9t\u00e9 Nationale des Beaux-Arts (SNBA), sa nouvelle toile :<\/h2>\n<h3>Vue sur Montmartre pendant la nuit.<\/h3>\n<p><img loading=\"lazy\" decoding=\"async\" class=\" size-full wp-image-598\" alt=\"AF_nocturne-montmartre09_l598\" src=\"http:\/\/galeriedeparis.fr\/wp3_af\/wp-content\/uploads\/2009\/12\/filimonova_AF_nocturne-montmartre09_l598.jpg\" width=\"598\" height=\"749\" srcset=\"https:\/\/galeriedeparis.fr\/wp3_af\/wp-content\/uploads\/2009\/12\/filimonova_AF_nocturne-montmartre09_l598.jpg 598w, https:\/\/galeriedeparis.fr\/wp3_af\/wp-content\/uploads\/2009\/12\/filimonova_AF_nocturne-montmartre09_l598-239x300.jpg 239w\" sizes=\"auto, (max-width: 598px) 100vw, 598px\" \/><\/p>\n<p>&nbsp;<\/p>\n<p><span style=\"font-family: comic sans ms,sans-serif;\"><span style=\"font-size: 12pt;\">\u00a0\u00bb Vue sur Montmartre pendant la nuit\u00a0\u00bb, <\/span><span style=\"font-size: 12pt;\">huile sur toile, format \u00a0 40 F.<\/span><\/span><\/p>\n","protected":false},"excerpt":{"rendered":"<p>Anna Filimonova a expos\u00e9, le jeudi 10 d\u00e9cembre 2009, lors du vernissage du Salon 2009 de la Soci\u00e9t\u00e9 Nationale des Beaux-Arts (SNBA), sa nouvelle toile : Vue sur Montmartre pendant la nuit. &nbsp; \u00a0\u00bb Vue sur Montmartre pendant la nuit\u00a0\u00bb, huile sur toile, format \u00a0 40 F.<\/p>\n","protected":false},"author":1,"featured_media":598,"comment_status":"open","ping_status":"open","sticky":false,"template":"","format":"standard","meta":{"footnotes":""},"categories":[66],"tags":[33,203,201,30,204,123,199,202,29,200,181],"class_list":["post-603","post","type-post","status-publish","format-standard","has-post-thumbnail","hentry","category-c34-filimonova-anna","tag-anna-filimonova","tag-carroussel","tag-clichy","tag-france","tag-louvre","tag-montmartre","tag-nocturne","tag-nuit","tag-paris","tag-place","tag-snba"],"_links":{"self":[{"href":"https:\/\/galeriedeparis.fr\/wp3_af\/index.php?rest_route=\/wp\/v2\/posts\/603","targetHints":{"allow":["GET"]}}],"collection":[{"href":"https:\/\/galeriedeparis.fr\/wp3_af\/index.php?rest_route=\/wp\/v2\/posts"}],"about":[{"href":"https:\/\/galeriedeparis.fr\/wp3_af\/index.php?rest_route=\/wp\/v2\/types\/post"}],"author":[{"embeddable":true,"href":"https:\/\/galeriedeparis.fr\/wp3_af\/index.php?rest_route=\/wp\/v2\/users\/1"}],"replies":[{"embeddable":true,"href":"https:\/\/galeriedeparis.fr\/wp3_af\/index.php?rest_route=%2Fwp%2Fv2%2Fcomments&post=603"}],"version-history":[{"count":2,"href":"https:\/\/galeriedeparis.fr\/wp3_af\/index.php?rest_route=\/wp\/v2\/posts\/603\/revisions"}],"predecessor-version":[{"id":1253,"href":"https:\/\/galeriedeparis.fr\/wp3_af\/index.php?rest_route=\/wp\/v2\/posts\/603\/revisions\/1253"}],"wp:featuredmedia":[{"embeddable":true,"href":"https:\/\/galeriedeparis.fr\/wp3_af\/index.php?rest_route=\/wp\/v2\/media\/598"}],"wp:attachment":[{"href":"https:\/\/galeriedeparis.fr\/wp3_af\/index.php?rest_route=%2Fwp%2Fv2%2Fmedia&parent=603"}],"wp:term":[{"taxonomy":"category","embeddable":true,"href":"https:\/\/galeriedeparis.fr\/wp3_af\/index.php?rest_route=%2Fwp%2Fv2%2Fcategories&post=603"},{"taxonomy":"post_tag","embeddable":true,"href":"https:\/\/galeriedeparis.fr\/wp3_af\/index.php?rest_route=%2Fwp%2Fv2%2Ftags&post=603"}],"curies":[{"name":"wp","href":"https:\/\/api.w.org\/{rel}","templated":true}]}}