{"id":621,"date":"2010-08-11T21:08:56","date_gmt":"2010-08-11T20:08:56","guid":{"rendered":"http:\/\/galeriedeparis.fr\/wp3_af\/?p=621"},"modified":"2014-01-23T07:50:12","modified_gmt":"2014-01-23T06:50:12","slug":"la-gazette-de-sete-regard-russe-sur-les-joutes-de-sete-filimonova-aout-2010","status":"publish","type":"post","link":"https:\/\/galeriedeparis.fr\/wp3_af\/?p=621","title":{"rendered":"La Gazette de S\u00e8te &#8211; Regard russe sur les joutes de S\u00e8te &#8211; Filimonova &#8211; Ao\u00fbt 2010"},"content":{"rendered":"<p>Annonce de l&rsquo;exposition <strong>\u00ab\u00a0Regard russe sur les joutes de S\u00e8te\u00a0\u00bb<\/strong> d&rsquo;Anna Filimonova,<\/p>\n<p><em>La Gazette de S\u00e8te<\/em> &#8211; N\u00b0231-232 du jeudi 5 au mercredi 18 ao\u00fbt 2010 &#8211; page 25.<\/p>\n<p>&nbsp;<\/p>\n<p><img loading=\"lazy\" decoding=\"async\" class=\" size-full wp-image-620\" alt=\"La Gazette de S\u00e8te - Aout 2010 - rubrique : les expos\" src=\"http:\/\/galeriedeparis.fr\/wp3_af\/wp-content\/uploads\/2010\/08\/filimonova_20100805_LaGazetteDeSete_L580p.jpg\" width=\"580\" height=\"441\" srcset=\"https:\/\/galeriedeparis.fr\/wp3_af\/wp-content\/uploads\/2010\/08\/filimonova_20100805_LaGazetteDeSete_L580p.jpg 580w, https:\/\/galeriedeparis.fr\/wp3_af\/wp-content\/uploads\/2010\/08\/filimonova_20100805_LaGazetteDeSete_L580p-300x228.jpg 300w, https:\/\/galeriedeparis.fr\/wp3_af\/wp-content\/uploads\/2010\/08\/filimonova_20100805_LaGazetteDeSete_L580p-394x300.jpg 394w\" sizes=\"auto, (max-width: 580px) 100vw, 580px\" \/><\/p>\n<p>El\u00e8ve de l&rsquo;\u00e9cole de Saint-P\u00e9tersbourg Ilia R\u00e9pine, la peintre russe Anna Filimonova a capt\u00e9 dans ses toiles des sc\u00e8nes r\u00e9alistes de la Saint-Louis. Inscrite au programme de l&rsquo;ann\u00e9e France-Russie, son exposition regroupe 30 oeuvres.<\/p>\n<p>Contact : <a href=\"mailto:infos@galeriedeparis.fr?subject=LaGazetteDeSete\" target=\"_blank\">Anna Filimonova<\/a>, t\u00e9l. 06 20 90 03 09 &#8211; <a title=\"Communiqu\u00e9 Anna Filimonova expose \u00e0 S\u00e8te\" href=\"http:\/\/galeriedeparis.fr\/wp3_af\/wp-content\/uploads\/2010\/07\/filimonova_communique_anna_filimonova_joutes_a_sete.doc\" target=\"_blank\">T\u00e9l\u00e9charger le communiqu\u00e9<\/a> &#8211;<\/p>\n","protected":false},"excerpt":{"rendered":"<p>Annonce de l&rsquo;exposition \u00ab\u00a0Regard russe sur les joutes de S\u00e8te\u00a0\u00bb d&rsquo;Anna Filimonova, La Gazette de S\u00e8te &#8211; N\u00b0231-232 du jeudi 5 au mercredi 18 ao\u00fbt 2010 &#8211; page 25. &nbsp; El\u00e8ve de l&rsquo;\u00e9cole de Saint-P\u00e9tersbourg Ilia R\u00e9pine, la peintre russe Anna Filimonova a capt\u00e9 dans ses toiles des sc\u00e8nes r\u00e9alistes de la Saint-Louis. Inscrite au &hellip; <\/p>\n<p class=\"link-more\"><a href=\"https:\/\/galeriedeparis.fr\/wp3_af\/?p=621\" class=\"more-link\">Continuer la lecture<span class=\"screen-reader-text\"> de &laquo;&nbsp;La Gazette de S\u00e8te &#8211; Regard russe sur les joutes de S\u00e8te &#8211; Filimonova &#8211; Ao\u00fbt 2010&nbsp;&raquo;<\/span><\/a><\/p>\n","protected":false},"author":1,"featured_media":620,"comment_status":"open","ping_status":"open","sticky":false,"template":"","format":"standard","meta":{"footnotes":""},"categories":[73],"tags":[33,212,32,30,206,208,29,207,278,35,211,205],"class_list":["post-621","post","type-post","status-publish","format-standard","has-post-thumbnail","hentry","category-c44-revue-de-presse","tag-anna-filimonova","tag-fetes-de-la-saint-louis","tag-filimonova","tag-france","tag-joutes","tag-la-gazette-de-sete","tag-paris","tag-regard-russe","tag-regard-russe-sur-les-joutes-de-sete","tag-russie","tag-scenes-realistes","tag-sete"],"_links":{"self":[{"href":"https:\/\/galeriedeparis.fr\/wp3_af\/index.php?rest_route=\/wp\/v2\/posts\/621","targetHints":{"allow":["GET"]}}],"collection":[{"href":"https:\/\/galeriedeparis.fr\/wp3_af\/index.php?rest_route=\/wp\/v2\/posts"}],"about":[{"href":"https:\/\/galeriedeparis.fr\/wp3_af\/index.php?rest_route=\/wp\/v2\/types\/post"}],"author":[{"embeddable":true,"href":"https:\/\/galeriedeparis.fr\/wp3_af\/index.php?rest_route=\/wp\/v2\/users\/1"}],"replies":[{"embeddable":true,"href":"https:\/\/galeriedeparis.fr\/wp3_af\/index.php?rest_route=%2Fwp%2Fv2%2Fcomments&post=621"}],"version-history":[{"count":2,"href":"https:\/\/galeriedeparis.fr\/wp3_af\/index.php?rest_route=\/wp\/v2\/posts\/621\/revisions"}],"predecessor-version":[{"id":1277,"href":"https:\/\/galeriedeparis.fr\/wp3_af\/index.php?rest_route=\/wp\/v2\/posts\/621\/revisions\/1277"}],"wp:featuredmedia":[{"embeddable":true,"href":"https:\/\/galeriedeparis.fr\/wp3_af\/index.php?rest_route=\/wp\/v2\/media\/620"}],"wp:attachment":[{"href":"https:\/\/galeriedeparis.fr\/wp3_af\/index.php?rest_route=%2Fwp%2Fv2%2Fmedia&parent=621"}],"wp:term":[{"taxonomy":"category","embeddable":true,"href":"https:\/\/galeriedeparis.fr\/wp3_af\/index.php?rest_route=%2Fwp%2Fv2%2Fcategories&post=621"},{"taxonomy":"post_tag","embeddable":true,"href":"https:\/\/galeriedeparis.fr\/wp3_af\/index.php?rest_route=%2Fwp%2Fv2%2Ftags&post=621"}],"curies":[{"name":"wp","href":"https:\/\/api.w.org\/{rel}","templated":true}]}}