{"id":626,"date":"2010-09-16T17:25:42","date_gmt":"2010-09-16T16:25:42","guid":{"rendered":"http:\/\/galeriedeparis.fr\/wp3_af\/?p=626"},"modified":"2016-08-14T21:07:35","modified_gmt":"2016-08-14T20:07:35","slug":"grandes-signatures-petits-formats-vernissage-le-23-septembre-2009","status":"publish","type":"post","link":"https:\/\/galeriedeparis.fr\/wp3_af\/?p=626","title":{"rendered":"Grandes signatures, petits formats &#8211; Vernissage le 23 septembre 2009"},"content":{"rendered":"<p><meta http-equiv=\"Content-Type\" content=\"text\/html; charset=UTF-8\" \/><\/p>\n<div align=\"center\">\n<table style=\"width: 598px;\" border=\"0\" cellspacing=\"0\" cellpadding=\"0\">\n<tbody>\n<tr>\n<td valign=\"top\">\n<p align=\"center\"><span style=\"font-family: Verdana,Arial,Helvetica,sans-serif;\"><strong><br \/>\n<span style=\"color: #003399; font-size: xx-small;\">Sous le Haut Patronage de Son Excellence Monsieur Alexandre ORLOV,<br \/>\nAmbassadeur de la F\u00e9d\u00e9ration de Russie en France<br \/>\n<\/span><\/strong><\/span><span style=\"font-family: Verdana,Arial,Helvetica,sans-serif; font-size: small;\"><strong><br \/>\n<\/strong><\/span><span style=\"font-family: Verdana,Arial,Helvetica,sans-serif; font-size: x-small;\"><strong><span style=\"color: #ff3333;\">Jacques Bravo<\/span><\/strong>, Maire du 9e arrondissement, Officier de la L\u00e9gion d\u2019Honneur<br \/>\n<span style=\"color: #ff3333;\"><strong>Thierry Cazaux<\/strong><\/span>, Conseiller du 9e, d\u00e9l\u00e9gu\u00e9 \u00e0 la Culture et au Patrimoine<br \/>\n<strong><span style=\"color: #ff3333;\">Anna Filimonova<\/span><\/strong>, Pr\u00e9sidente du Festival Cultures Crois\u00e9es, Commissaire de l\u2019exposition<br \/>\n<strong><span style=\"color: #ff3333;\">Jean-Marie Zacchi<\/span><\/strong>, Pr\u00e9sident de Grandes Signatures<br \/>\n<\/span><span style=\"font-family: Verdana,Arial,Helvetica,sans-serif; font-size: small;\"><br \/>\n<strong><span style=\"color: #003366;\">ont le plaisir de vous convier au vernissage de l&rsquo;exposition<\/span><\/strong><\/span> <span style=\"font-family: Verdana,Arial,Helvetica,sans-serif; font-size: x-small;\"><span style=\"font-size: small;\"><br \/>\n<\/span><br \/>\n<\/span><img loading=\"lazy\" decoding=\"async\" class=\" size-full wp-image-622\" alt=\"\" src=\"http:\/\/galeriedeparis.fr\/wp3_af\/wp-content\/uploads\/2010\/09\/.._MairieDu9eme_FranceRussie.jpg\" width=\"598\" height=\"100\" border=\"1\" srcset=\"https:\/\/galeriedeparis.fr\/wp3_af\/wp-content\/uploads\/2010\/09\/.._MairieDu9eme_FranceRussie.jpg 598w, https:\/\/galeriedeparis.fr\/wp3_af\/wp-content\/uploads\/2010\/09\/.._MairieDu9eme_FranceRussie-300x50.jpg 300w, https:\/\/galeriedeparis.fr\/wp3_af\/wp-content\/uploads\/2010\/09\/.._MairieDu9eme_FranceRussie-500x83.jpg 500w\" sizes=\"auto, (max-width: 598px) 100vw, 598px\" \/><\/p>\n<p align=\"center\"><span style=\"font-family: Verdana,Arial,Helvetica,sans-serif; font-size: x-small;\"> <strong><span style=\"color: #003366; font-size: large;\">le jeudi 23 septembre 2010,<\/span><span style=\"font-size: medium;\"> <span style=\"font-size: small;\">\u00e0 partir de 19h30<\/span><\/span><\/strong><br \/>\n<\/span><\/p>\n<p align=\"center\"><span style=\"font-family: Verdana,Arial,Helvetica,sans-serif; font-size: small;\"><strong><span style=\"color: #003366;\">Mairie du 9e,<\/span><\/strong> 6 rue Drouot, Salons Aguado, 75009 PARIS<br \/>\n<\/span><span style=\"font-family: Verdana,Arial,Helvetica,sans-serif; font-size: x-small;\"><br \/>\n<strong>Soixante artistes fran\u00e7ais et russes, tous chefs de file d\u2019art contemporain,<br \/>\ntoutes tendances confondues, sans th\u00e8me de pr\u00e9dilection, s\u2019identifiant comme appartenant \u00e0 la culture russe ou fran\u00e7aise sans distinction d\u2019origine ethnique,<br \/>\nou de lieu d\u2019habitation, pr\u00e9senteront 180 peintures et 50 sculptures.<\/strong><\/span><\/p>\n<p><strong>Exposition de peintures et sculptures du 23 Septembre au 9 Octobre 2010<\/strong>,<br \/>\nEntr\u00e9e libre &#8211; Du lundi au vendredi de 11h \u00e0 17h, le samedi de 10h \u00e0 12h.<br \/>\n<a href=\"http:\/\/maps.google.fr\/maps?q=mairie+du+9+-+6+rue+drouot&amp;hl=fr&amp;cd=1&amp;ei=UFKRTJi8CYuY_QbautjcDg&amp;sll=48.872496,2.340366&amp;sspn=0.017614,0.038418&amp;ie=UTF8&amp;view=map&amp;cid=4709693486050448510&amp;iwloc=A&amp;ved=0CBsQpQY&amp;sa=X\" target=\"_blank\">G\u00e9olocalisation ici <\/a>: Acc\u00e8s : Metro \u00ab\u00a0Drouot Richelieu\u00a0\u00bb, bus : 74, 65, 85, 39, 48, 67, 20<br \/>\n<strong>Contact : 06 61 91 23 98<\/strong>.<\/p>\n<p align=\"center\"><span style=\"font-family: Verdana,Arial,Helvetica,sans-serif; font-size: x-small;\"><strong>Pour en savoir plus : <a href=\"http:\/\/www.festival-cultures-croisees.eu\/\" target=\"_blank\">http:\/\/www.festival-cultures-croisees.eu\/<\/a><\/strong><\/span><\/p>\n<p align=\"center\">\n<\/td>\n<\/tr>\n<\/tbody>\n<\/table>\n<table style=\"width: 598px;\" border=\"0\" cellspacing=\"0\" cellpadding=\"0\">\n<tbody>\n<tr>\n<td bgcolor=\"#ffffff\">\n<div align=\"center\"><a href=\"http:\/\/www.france-russie2010.fr\/Diaporamas\/20100601\/187931662.html\" target=\"_blank\"><img loading=\"lazy\" decoding=\"async\" class=\" size-full wp-image-623\" alt=\"logo france russie\" src=\"http:\/\/galeriedeparis.fr\/wp3_af\/wp-content\/uploads\/2010\/09\/.._france-russie-logo_150p.jpg\" width=\"150\" height=\"114\" border=\"0\" \/><\/a><br \/>\n<span style=\"font-family: Arial,Helvetica,sans-serif; font-size: x-small;\">Manifestation organis\u00e9e dans le cadre<br \/>\nde l\u2019Ann\u00e9e France-Russie 2010<\/span><\/div>\n<\/td>\n<\/tr>\n<\/tbody>\n<\/table>\n<\/div>\n<p align=\"center\"><span style=\"font-family: Verdana,Arial,Helvetica,sans-serif;\"><span style=\"font-family: Verdana,Arial,Helvetica,sans-serif;\"><strong><strong><span style=\"color: #333333; font-size: x-small;\">60 artistes <\/span><\/strong><\/strong><span style=\"font-size: x-small;\"><strong><strong><span style=\"color: #333333;\">Fran\u00e7ais et Russes<\/span><\/strong><\/strong><\/span><\/span><\/span><span style=\"font-size: x-small;\"><br \/>\n<a href=\"http:\/\/www.france-russie2010.fr\/En_France\/20100923\/187964170.html\" target=\"_blank\"><span style=\"font-family: Arial,Helvetica,sans-serif;\">(Diaporamas: Petits Formats-Grandes Signatures<br \/>\nListe des artistes \/ C\u043f\u0438\u0441\u043e\u043a \u0445\u0443\u0434\u043e\u0436\u043d\u0438\u043a\u043e\u0432<br \/>\n\u043d\u0430 \u0421\u0430\u043b\u043e\u043d\u0435 \u0432 \u041d\u043e\u0436\u0430\u043d\u0435 \u043d\u0430 \u041c\u0430\u0440\u043d\u0435) <\/span><\/a><\/span><\/p>\n<p><a href=\"http:\/\/www.festival-cultures-croisees.eu\/\" target=\"_blank\"><img loading=\"lazy\" decoding=\"async\" class=\" size-full wp-image-624\" alt=\"\" src=\"http:\/\/galeriedeparis.fr\/wp3_af\/wp-content\/uploads\/2010\/09\/.._sponsors.jpg\" width=\"598\" height=\"100\" border=\"0\" srcset=\"https:\/\/galeriedeparis.fr\/wp3_af\/wp-content\/uploads\/2010\/09\/.._sponsors.jpg 598w, https:\/\/galeriedeparis.fr\/wp3_af\/wp-content\/uploads\/2010\/09\/.._sponsors-300x50.jpg 300w, https:\/\/galeriedeparis.fr\/wp3_af\/wp-content\/uploads\/2010\/09\/.._sponsors-500x83.jpg 500w\" sizes=\"auto, (max-width: 598px) 100vw, 598px\" \/><\/a><\/p>\n<div align=\"center\">\n<p><span style=\"font-family: Arial,Helvetica,sans-serif; font-size: small;\"><strong><span style=\"color: #003366;\"><br \/>\n<\/span><\/strong><\/span><\/p>\n<p><a href=\"http:\/\/www.festival-cultures-croisees.eu\/\" target=\"_blank\"><img loading=\"lazy\" decoding=\"async\" class=\" size-full wp-image-625\" alt=\"\" src=\"http:\/\/galeriedeparis.fr\/wp3_af\/wp-content\/uploads\/2010\/09\/.._2010_09_23_Marie9_FCC_Affiche_030910.jpg\" width=\"598\" height=\"846\" border=\"0\" srcset=\"https:\/\/galeriedeparis.fr\/wp3_af\/wp-content\/uploads\/2010\/09\/.._2010_09_23_Marie9_FCC_Affiche_030910.jpg 598w, https:\/\/galeriedeparis.fr\/wp3_af\/wp-content\/uploads\/2010\/09\/.._2010_09_23_Marie9_FCC_Affiche_030910-212x300.jpg 212w\" sizes=\"auto, (max-width: 598px) 100vw, 598px\" \/><\/a><\/p>\n<\/div>\n<div align=\"center\"><span style=\"font-family: Verdana,Arial,Helvetica,sans-serif; font-size: x-small;\">Pour \u00eatre invit\u00e9 aux prochains vernissages et recevoir r\u00e9guli\u00e8rement<br \/>\nles informations sur les artistes de la Galerie de Paris,<a href=\"index.php?option=com_wrapper&amp;view=wrapper&amp;Itemid=77\" target=\"_blank\"> inscrivez-vous&#8230;<\/a><\/span><\/div>\n<p align=\"center\">\n<div align=\"center\"><\/div>\n","protected":false},"excerpt":{"rendered":"<p>Sous le Haut Patronage de Son Excellence Monsieur Alexandre ORLOV, Ambassadeur de la F\u00e9d\u00e9ration de Russie en France Jacques Bravo, Maire du 9e arrondissement, Officier de la L\u00e9gion d\u2019Honneur Thierry Cazaux, Conseiller du 9e, d\u00e9l\u00e9gu\u00e9 \u00e0 la Culture et au Patrimoine Anna Filimonova, Pr\u00e9sidente du Festival Cultures Crois\u00e9es, Commissaire de l\u2019exposition Jean-Marie Zacchi, Pr\u00e9sident de &hellip; <\/p>\n<p class=\"link-more\"><a href=\"https:\/\/galeriedeparis.fr\/wp3_af\/?p=626\" class=\"more-link\">Continuer la lecture<span class=\"screen-reader-text\"> de &laquo;&nbsp;Grandes signatures, petits formats &#8211; Vernissage le 23 septembre 2009&nbsp;&raquo;<\/span><\/a><\/p>\n","protected":false},"author":1,"featured_media":622,"comment_status":"open","ping_status":"open","sticky":false,"template":"","format":"standard","meta":{"footnotes":""},"categories":[12],"tags":[280,272,279,281,273,191],"class_list":["post-626","post","type-post","status-publish","format-standard","has-post-thumbnail","hentry","category-expositions","tag-23-septembre-2009","tag-artistes-francais-et-russes","tag-grandes-signatures","tag-mairie-du-9e","tag-petits-formats","tag-vernissage"],"_links":{"self":[{"href":"https:\/\/galeriedeparis.fr\/wp3_af\/index.php?rest_route=\/wp\/v2\/posts\/626","targetHints":{"allow":["GET"]}}],"collection":[{"href":"https:\/\/galeriedeparis.fr\/wp3_af\/index.php?rest_route=\/wp\/v2\/posts"}],"about":[{"href":"https:\/\/galeriedeparis.fr\/wp3_af\/index.php?rest_route=\/wp\/v2\/types\/post"}],"author":[{"embeddable":true,"href":"https:\/\/galeriedeparis.fr\/wp3_af\/index.php?rest_route=\/wp\/v2\/users\/1"}],"replies":[{"embeddable":true,"href":"https:\/\/galeriedeparis.fr\/wp3_af\/index.php?rest_route=%2Fwp%2Fv2%2Fcomments&post=626"}],"version-history":[{"count":2,"href":"https:\/\/galeriedeparis.fr\/wp3_af\/index.php?rest_route=\/wp\/v2\/posts\/626\/revisions"}],"predecessor-version":[{"id":1279,"href":"https:\/\/galeriedeparis.fr\/wp3_af\/index.php?rest_route=\/wp\/v2\/posts\/626\/revisions\/1279"}],"wp:featuredmedia":[{"embeddable":true,"href":"https:\/\/galeriedeparis.fr\/wp3_af\/index.php?rest_route=\/wp\/v2\/media\/622"}],"wp:attachment":[{"href":"https:\/\/galeriedeparis.fr\/wp3_af\/index.php?rest_route=%2Fwp%2Fv2%2Fmedia&parent=626"}],"wp:term":[{"taxonomy":"category","embeddable":true,"href":"https:\/\/galeriedeparis.fr\/wp3_af\/index.php?rest_route=%2Fwp%2Fv2%2Fcategories&post=626"},{"taxonomy":"post_tag","embeddable":true,"href":"https:\/\/galeriedeparis.fr\/wp3_af\/index.php?rest_route=%2Fwp%2Fv2%2Ftags&post=626"}],"curies":[{"name":"wp","href":"https:\/\/api.w.org\/{rel}","templated":true}]}}