{"id":634,"date":"2010-10-26T23:01:15","date_gmt":"2010-10-26T22:01:15","guid":{"rendered":"http:\/\/galeriedeparis.fr\/wp3_af\/?p=634"},"modified":"2016-08-14T21:07:25","modified_gmt":"2016-08-14T20:07:25","slug":"anna-filimonova-vous-convie-a-trois-evenements","status":"publish","type":"post","link":"https:\/\/galeriedeparis.fr\/wp3_af\/?p=634","title":{"rendered":"25\u00e8 Salon International de Paris &#8211; 19 novembre 2010"},"content":{"rendered":"<p><meta http-equiv=\"Content-Type\" content=\"text\/html; charset=UTF-8\" \/><\/p>\n<div align=\"center\">\n<table style=\"width: 598px;\" border=\"0\" cellspacing=\"0\" cellpadding=\"0\">\n<tbody>\n<tr bgcolor=\"#ff3333\">\n<td colspan=\"2\" bgcolor=\"#ffffff\" height=\"20\"><\/td>\n<\/tr>\n<tr bgcolor=\"#ff3333\">\n<td colspan=\"2\" bgcolor=\"#ffffff\"><span style=\"font-family: Verdana,Arial,Helvetica,sans-serif; font-size: small;\"><strong><span style=\"color: #ff3333; font-size: medium;\">Anna Filimonova<\/span><\/strong>, <strong><span style=\"color: #003366;\">vous convie <\/span><\/strong><\/span><span style=\"font-family: Verdana,Arial,Helvetica,sans-serif; font-size: small;\"><strong><span style=\"color: #003366;\"> :<\/span><\/strong><\/span><\/p>\n<blockquote><p><span style=\"font-family: Verdana,Arial,Helvetica,sans-serif; font-size: x-small;\"><strong><span style=\"color: #003366; font-size: medium;\">&gt;&gt;&gt; Vernissage, le 19 novembre \u00e0 18h30, <\/span><\/strong><\/span><\/p>\n<p>du <span style=\"color: #ff3333; font-size: large;\">25\u00e8 Salon International de Paris<\/span>,<\/p>\n<p>12\u00e8 Concours des Artistes Japonais,<\/p>\n<p>pour une exposition <span style=\"font-size: large;\">France-Russie-Japon 2010<\/span><\/p>\n<p>au Mus\u00e9e des Collections Priv\u00e9es, 8 rue de Nesle, 75006 Paris.<\/p><\/blockquote>\n<\/td>\n<\/tr>\n<tr bgcolor=\"#ff3333\">\n<td colspan=\"2\" bgcolor=\"#ffffff\" height=\"20\"><\/td>\n<\/tr>\n<tr bgcolor=\"#ff3333\">\n<td colspan=\"2\" bgcolor=\"#ffffff\" height=\"20\"><\/td>\n<\/tr>\n<tr bgcolor=\"#ff3333\">\n<td colspan=\"2\" bgcolor=\"#ffffff\"><img loading=\"lazy\" decoding=\"async\" class=\" size-full wp-image-632\" alt=\"\" src=\"http:\/\/galeriedeparis.fr\/wp3_af\/wp-content\/uploads\/2010\/10\/.._20101019_Expo_france_russier_japon.jpg\" width=\"580\" height=\"378\" srcset=\"https:\/\/galeriedeparis.fr\/wp3_af\/wp-content\/uploads\/2010\/10\/.._20101019_Expo_france_russier_japon.jpg 580w, https:\/\/galeriedeparis.fr\/wp3_af\/wp-content\/uploads\/2010\/10\/.._20101019_Expo_france_russier_japon-300x195.jpg 300w, https:\/\/galeriedeparis.fr\/wp3_af\/wp-content\/uploads\/2010\/10\/.._20101019_Expo_france_russier_japon-460x300.jpg 460w\" sizes=\"auto, (max-width: 580px) 100vw, 580px\" \/><\/td>\n<\/tr>\n<tr bgcolor=\"#ff3333\">\n<td colspan=\"2\" bgcolor=\"#ffffff\"><img loading=\"lazy\" decoding=\"async\" class=\" size-full wp-image-633\" alt=\"\" src=\"http:\/\/galeriedeparis.fr\/wp3_af\/wp-content\/uploads\/2010\/10\/.._183810.jpg\" width=\"580\" height=\"777\" srcset=\"https:\/\/galeriedeparis.fr\/wp3_af\/wp-content\/uploads\/2010\/10\/.._183810.jpg 580w, https:\/\/galeriedeparis.fr\/wp3_af\/wp-content\/uploads\/2010\/10\/.._183810-223x300.jpg 223w\" sizes=\"auto, (max-width: 580px) 100vw, 580px\" \/><\/td>\n<\/tr>\n<\/tbody>\n<\/table>\n<table style=\"width: 598px;\" border=\"0\" cellspacing=\"0\" cellpadding=\"0\">\n<tbody>\n<tr>\n<td valign=\"top\" width=\"400\" height=\"10\">\n<blockquote><p><span style=\"font-family: Arial,Helvetica,sans-serif; font-size: small;\">Anna Filimonova, 06 61 91 23 98 <\/span><strong><span style=\"font-family: Verdana,Arial,Helvetica,sans-serif; font-size: x-small;\"><br \/>\nPour en savoir plus : <a href=\"http:\/\/www.festival-cultures-croisees.eu\/\" target=\"_blank\">http:\/\/www.festival-cultures-croisees.eu\/<\/a><br \/>\n<a href=\"..\/\/\" target=\"_blank\">http:\/\/www.galeriedeparis.fr<\/a><br \/>\n<\/span><\/strong><\/p><\/blockquote>\n<\/td>\n<\/tr>\n<tr>\n<td>\n<div align=\"center\"><span style=\"font-family: Verdana,Arial,Helvetica,sans-serif; font-size: x-small;\">Pour \u00eatre invit\u00e9 aux prochains vernissages et recevoir r\u00e9guli\u00e8rement<br \/>\nles informations sur les artistes de la Galerie de Paris,<a href=\"index.php?option=com_wrapper&amp;view=wrapper&amp;Itemid=77\" target=\"_blank\"> inscrivez-vous&#8230;<\/a><\/span><\/div>\n<\/td>\n<\/tr>\n<\/tbody>\n<\/table>\n<\/div>\n<p align=\"center\">\n","protected":false},"excerpt":{"rendered":"<p>Anna Filimonova, vous convie : &gt;&gt;&gt; Vernissage, le 19 novembre \u00e0 18h30, du 25\u00e8 Salon International de Paris, 12\u00e8 Concours des Artistes Japonais, pour une exposition France-Russie-Japon 2010 au Mus\u00e9e des Collections Priv\u00e9es, 8 rue de Nesle, 75006 Paris. Anna Filimonova, 06 61 91 23 98 Pour en savoir plus : http:\/\/www.festival-cultures-croisees.eu\/ http:\/\/www.galeriedeparis.fr Pour \u00eatre &hellip; <\/p>\n<p class=\"link-more\"><a href=\"https:\/\/galeriedeparis.fr\/wp3_af\/?p=634\" class=\"more-link\">Continuer la lecture<span class=\"screen-reader-text\"> de &laquo;&nbsp;25\u00e8 Salon International de Paris &#8211; 19 novembre 2010&nbsp;&raquo;<\/span><\/a><\/p>\n","protected":false},"author":1,"featured_media":632,"comment_status":"open","ping_status":"open","sticky":false,"template":"","format":"standard","meta":{"footnotes":""},"categories":[12],"tags":[214,218,33,216,30,34,217,35,191],"class_list":["post-634","post","type-post","status-publish","format-standard","has-post-thumbnail","hentry","category-expositions","tag-25e-salon-international-de-paris","tag-8-rue-de-nesle","tag-anna-filimonova","tag-exposition-france-russie-japon","tag-france","tag-japon","tag-musee-des-collections-privees","tag-russie","tag-vernissage"],"_links":{"self":[{"href":"https:\/\/galeriedeparis.fr\/wp3_af\/index.php?rest_route=\/wp\/v2\/posts\/634","targetHints":{"allow":["GET"]}}],"collection":[{"href":"https:\/\/galeriedeparis.fr\/wp3_af\/index.php?rest_route=\/wp\/v2\/posts"}],"about":[{"href":"https:\/\/galeriedeparis.fr\/wp3_af\/index.php?rest_route=\/wp\/v2\/types\/post"}],"author":[{"embeddable":true,"href":"https:\/\/galeriedeparis.fr\/wp3_af\/index.php?rest_route=\/wp\/v2\/users\/1"}],"replies":[{"embeddable":true,"href":"https:\/\/galeriedeparis.fr\/wp3_af\/index.php?rest_route=%2Fwp%2Fv2%2Fcomments&post=634"}],"version-history":[{"count":2,"href":"https:\/\/galeriedeparis.fr\/wp3_af\/index.php?rest_route=\/wp\/v2\/posts\/634\/revisions"}],"predecessor-version":[{"id":1118,"href":"https:\/\/galeriedeparis.fr\/wp3_af\/index.php?rest_route=\/wp\/v2\/posts\/634\/revisions\/1118"}],"wp:featuredmedia":[{"embeddable":true,"href":"https:\/\/galeriedeparis.fr\/wp3_af\/index.php?rest_route=\/wp\/v2\/media\/632"}],"wp:attachment":[{"href":"https:\/\/galeriedeparis.fr\/wp3_af\/index.php?rest_route=%2Fwp%2Fv2%2Fmedia&parent=634"}],"wp:term":[{"taxonomy":"category","embeddable":true,"href":"https:\/\/galeriedeparis.fr\/wp3_af\/index.php?rest_route=%2Fwp%2Fv2%2Fcategories&post=634"},{"taxonomy":"post_tag","embeddable":true,"href":"https:\/\/galeriedeparis.fr\/wp3_af\/index.php?rest_route=%2Fwp%2Fv2%2Ftags&post=634"}],"curies":[{"name":"wp","href":"https:\/\/api.w.org\/{rel}","templated":true}]}}