{"id":938,"date":"2012-11-18T21:32:47","date_gmt":"2012-11-18T20:32:47","guid":{"rendered":"http:\/\/galeriedeparis.fr\/wp3_af\/?p=938"},"modified":"2013-09-28T21:52:01","modified_gmt":"2013-09-28T20:52:01","slug":"art-en-capital-2012-grand-palais","status":"publish","type":"post","link":"https:\/\/galeriedeparis.fr\/wp3_af\/?p=938","title":{"rendered":"Art en Capital &#8211; Grand Palais &#8211; 2012"},"content":{"rendered":"<h1>Retrouvez Anna Filimonova \u00e0 \u00ab\u00a0Art en Capital\u00a0\u00bb du 27 Novembre au 2 D\u00e9cembre 2012<\/h1>\n<p>Anna Filimonova pr\u00e9sentera son oeuvre \u00ab\u00a0Les Invalides en hiver\u00a0\u00bb dans l&rsquo;espace d\u00e9di\u00e9 au salon \u00ab\u00a0Dessin et Peinture \u00e0 l\u2019eau\u00a0\u00bb\u00a0<a href=\"http:\/\/www.peinturealeau.com\" target=\"_blank\">www.peinturealeau.com<\/a><\/p>\n<div id=\"_mcePaste\" style=\"position: absolute; left: -10000px; top: 0px; width: 1px; height: 1px; overflow: hidden;\"><\/div>\n<p><img loading=\"lazy\" decoding=\"async\" class=\" size-full wp-image-936\" style=\"border: 1px solid #000000;\" alt=\"AF_Filimonova_Invalides_hiver_L340p\" src=\"http:\/\/galeriedeparis.fr\/wp3_af\/wp-content\/uploads\/2012\/11\/filimonova_AF_Filimonova_Invalides_hiver_L340p.jpg\" width=\"340\" height=\"461\" srcset=\"https:\/\/galeriedeparis.fr\/wp3_af\/wp-content\/uploads\/2012\/11\/filimonova_AF_Filimonova_Invalides_hiver_L340p.jpg 340w, https:\/\/galeriedeparis.fr\/wp3_af\/wp-content\/uploads\/2012\/11\/filimonova_AF_Filimonova_Invalides_hiver_L340p-221x300.jpg 221w\" sizes=\"auto, (max-width: 340px) 100vw, 340px\" \/><\/p>\n<p>&nbsp;<\/p>\n<div>Anna Filimonova,\u00a0\u00a0\u00ab\u00a0Les Invalides en hiver\u00a0\u00bb, peinture \u00e0 l&rsquo;eau sur carton mi-teint, 80&#215;60 cm<\/div>\n<p>&nbsp;<\/p>\n<p>Pour retrouver Anna Filimonova au Grand Palais, T\u00e9l. 06 61 91 23 98 &#8211; <a href=\"mailto:anna@crossline.com?bcc=jlm@crossline.com&amp;subject=Grand Palais 2012\">anna@crossline.com<\/a><\/p>\n<p>&nbsp;<\/p>\n<p><strong>Art en Capital<\/strong> est n\u00e9 en 2006 de la volont\u00e9 des salons dits \u00ab historiques du Grand Palais \u00bb et d\u2019artistes d\u2019horizons divers de jouer de leurs diff\u00e9rences, d\u2019unir leurs forces pour cr\u00e9er un \u00e9v\u00e9nement f\u00e9d\u00e9rateur et nouveau dans le cadre du retour historique de ces salons au Grand Palais. L\u2019objectif : faire d\u2019Art en Capital un rendez-vous indispensable \u00e0 la promotion de l\u2019Art d\u2019aujourd\u2019hui, une interface entre le cr\u00e9ateur, le public et le march\u00e9 professionnel.<\/p>\n<div id=\"_mcePaste\" style=\"position: absolute; left: -10000px; top: 0px; width: 1px; height: 1px; overflow: hidden;\"><\/div>\n<p>Ainsi, depuis 7 ans, se r\u00e9unissent sous la verri\u00e8re du Grand Palais<\/p>\n<div id=\"_mcePaste\" style=\"position: absolute; left: -10000px; top: 0px; width: 1px; height: 1px; overflow: hidden;\"><\/div>\n<ul>\n<li>La Soci\u00e9t\u00e9 des Artistes Ind\u00e9pendants, <a href=\"http:\/\/www.artistes-independants.fr\" target=\"_blank\">www.artistes-independants.fr<\/a><\/li>\n<li>Dessin et Peinture \u00e0 l\u2019eau, <a href=\"http:\/\/www.peinturealeau.com\" target=\"_blank\">www.peinturealeau.com<\/a><\/li>\n<li>Comparaisons, <a href=\"http:\/\/www.comparaisons.org\" target=\"_blank\">www.comparaisons.org<\/a><\/li>\n<li>et la Soci\u00e9t\u00e9 des Artistes Fran\u00e7ais, <a href=\"http:\/\/www.artistes-francais.com\" target=\"_blank\">www.artistes-francais.com<\/a><\/li>\n<\/ul>\n<h3><img loading=\"lazy\" decoding=\"async\" class=\" size-full wp-image-937\" style=\"border: 1px solid #000000;\" alt=\"2012_Invitation_Art_en_Capital_Grand_Palais_L340p\" src=\"http:\/\/galeriedeparis.fr\/wp3_af\/wp-content\/uploads\/2012\/11\/divers_2012_Invitation_Art_en_Capital_Grand_Palais_L340p.jpg\" width=\"340\" height=\"238\" srcset=\"https:\/\/galeriedeparis.fr\/wp3_af\/wp-content\/uploads\/2012\/11\/divers_2012_Invitation_Art_en_Capital_Grand_Palais_L340p.jpg 340w, https:\/\/galeriedeparis.fr\/wp3_af\/wp-content\/uploads\/2012\/11\/divers_2012_Invitation_Art_en_Capital_Grand_Palais_L340p-300x210.jpg 300w\" sizes=\"auto, (max-width: 340px) 100vw, 340px\" \/><\/h3>\n<h3><\/h3>\n<h3><code>Informations pratiques :<\/code><\/h3>\n<p>Site internet : <a href=\"http:\/\/www.artencapital.fr\" target=\"_blank\">http:\/\/www.artencapital.fr<\/a><\/p>\n<p>&nbsp;<\/p>\n<p>&nbsp;<\/p>\n<p><strong>Vernissage :\u00a027 novembre 2012 de 17h \u00e0 22h<\/strong><\/p>\n<p>Lieu :\u00a0Nef du Grand Palais des Champs Elys\u00e9es<\/p>\n<p>Avenue Winston Churchill,\u00a0Paris 8e<\/p>\n<p>Du 27 novembre au 2 d\u00e9cembre 2012<\/p>\n<p>&nbsp;<\/p>\n<p><strong>Heures d\u2019ouverture :<\/strong><\/p>\n<p>&#8211; Du 28 novembre au 2 d\u00e9cembre de 11h \u00e0 19h30<\/p>\n<p>&#8211; Nocturnes : les 27 \/ 29 novembre et le 1er d\u00e9cembre jusqu\u2019\u00e0 22h30<\/p>\n<p>&nbsp;<\/p>\n<p><strong>Tarifs :<\/strong><\/p>\n<p>Plein tarif : 10 \u20ac<\/p>\n<p>Tarif r\u00e9duit : 6 \u20ac (sur pr\u00e9sentation des cartes s\u00e9niors, familles nombreuses, demandeurs d\u2019emploi, \u00e9tudiants, amis du Louvre, adh\u00e9rents FNAC, adh\u00e9rents \u00a0Maison des Artistes)<\/p>\n<p>Gratuit (Enfant de moins de 12 ans)<\/p>\n<p>&nbsp;<\/p>\n<p>&nbsp;<\/p>\n<p>&nbsp;<\/p>\n<p>&nbsp;<\/p>\n","protected":false},"excerpt":{"rendered":"<p>Retrouvez Anna Filimonova \u00e0 \u00ab\u00a0Art en Capital\u00a0\u00bb du 27 Novembre au 2 D\u00e9cembre 2012 Anna Filimonova pr\u00e9sentera son oeuvre \u00ab\u00a0Les Invalides en hiver\u00a0\u00bb dans l&rsquo;espace d\u00e9di\u00e9 au salon \u00ab\u00a0Dessin et Peinture \u00e0 l\u2019eau\u00a0\u00bb\u00a0www.peinturealeau.com &nbsp; Anna Filimonova,\u00a0\u00a0\u00ab\u00a0Les Invalides en hiver\u00a0\u00bb, peinture \u00e0 l&rsquo;eau sur carton mi-teint, 80&#215;60 cm &nbsp; Pour retrouver Anna Filimonova au Grand Palais, &hellip; <\/p>\n<p class=\"link-more\"><a href=\"https:\/\/galeriedeparis.fr\/wp3_af\/?p=938\" class=\"more-link\">Continuer la lecture<span class=\"screen-reader-text\"> de &laquo;&nbsp;Art en Capital &#8211; Grand Palais &#8211; 2012&nbsp;&raquo;<\/span><\/a><\/p>\n","protected":false},"author":1,"featured_media":936,"comment_status":"open","ping_status":"open","sticky":false,"template":"","format":"standard","meta":{"footnotes":""},"categories":[66],"tags":[],"class_list":["post-938","post","type-post","status-publish","format-standard","has-post-thumbnail","hentry","category-c34-filimonova-anna"],"_links":{"self":[{"href":"https:\/\/galeriedeparis.fr\/wp3_af\/index.php?rest_route=\/wp\/v2\/posts\/938","targetHints":{"allow":["GET"]}}],"collection":[{"href":"https:\/\/galeriedeparis.fr\/wp3_af\/index.php?rest_route=\/wp\/v2\/posts"}],"about":[{"href":"https:\/\/galeriedeparis.fr\/wp3_af\/index.php?rest_route=\/wp\/v2\/types\/post"}],"author":[{"embeddable":true,"href":"https:\/\/galeriedeparis.fr\/wp3_af\/index.php?rest_route=\/wp\/v2\/users\/1"}],"replies":[{"embeddable":true,"href":"https:\/\/galeriedeparis.fr\/wp3_af\/index.php?rest_route=%2Fwp%2Fv2%2Fcomments&post=938"}],"version-history":[{"count":4,"href":"https:\/\/galeriedeparis.fr\/wp3_af\/index.php?rest_route=\/wp\/v2\/posts\/938\/revisions"}],"predecessor-version":[{"id":1121,"href":"https:\/\/galeriedeparis.fr\/wp3_af\/index.php?rest_route=\/wp\/v2\/posts\/938\/revisions\/1121"}],"wp:featuredmedia":[{"embeddable":true,"href":"https:\/\/galeriedeparis.fr\/wp3_af\/index.php?rest_route=\/wp\/v2\/media\/936"}],"wp:attachment":[{"href":"https:\/\/galeriedeparis.fr\/wp3_af\/index.php?rest_route=%2Fwp%2Fv2%2Fmedia&parent=938"}],"wp:term":[{"taxonomy":"category","embeddable":true,"href":"https:\/\/galeriedeparis.fr\/wp3_af\/index.php?rest_route=%2Fwp%2Fv2%2Fcategories&post=938"},{"taxonomy":"post_tag","embeddable":true,"href":"https:\/\/galeriedeparis.fr\/wp3_af\/index.php?rest_route=%2Fwp%2Fv2%2Ftags&post=938"}],"curies":[{"name":"wp","href":"https:\/\/api.w.org\/{rel}","templated":true}]}}