{"id":98,"date":"2003-01-23T23:44:29","date_gmt":"2003-01-23T22:44:29","guid":{"rendered":"http:\/\/galeriedeparis.fr\/wp3_af\/?p=98"},"modified":"2014-01-26T00:23:47","modified_gmt":"2014-01-25T23:23:47","slug":"2001-2003","status":"publish","type":"post","link":"https:\/\/galeriedeparis.fr\/wp3_af\/?p=98","title":{"rendered":"2001 &#8211; 2003"},"content":{"rendered":"<p>&nbsp;<\/p>\n<table width=\"755\" border=\"0\" cellspacing=\"4\" cellpadding=\"4\">\n<tbody>\n<tr>\n<td colspan=\"4\" align=\"center\" valign=\"top\" bgcolor=\"#000080\">\n<div align=\"center\">\n<table width=\"755\" border=\"0\" cellpadding=\"2\">\n<tbody>\n<tr>\n<td align=\"center\" valign=\"middle\" bgcolor=\"#000080\" width=\"104\">\n<div align=\"center\">\n<table border=\"0\" cellspacing=\"0\" cellpadding=\"0\" bgcolor=\"#f8f8f8\">\n<tbody>\n<tr>\n<td align=\"center\" valign=\"middle\" bgcolor=\"#ffffff\"><span style=\"font-family: Arial;\"><img loading=\"lazy\" decoding=\"async\" class=\" size-full wp-image-61\" alt=\"festivalcc.jpg (10074 octets)\" src=\"http:\/\/galeriedeparis.fr\/wp3_af\/wp-content\/uploads\/2001\/06\/.._festivalcc.jpg\" width=\"101\" height=\"113\" border=\"0\" \/><\/span><\/td>\n<\/tr>\n<\/tbody>\n<\/table>\n<\/div>\n<\/td>\n<td align=\"center\" valign=\"middle\" bgcolor=\"#ffffff\" width=\"15\"><\/td>\n<td align=\"center\" valign=\"middle\" bgcolor=\"#000080\" width=\"654\"><span style=\"color: #ffffff;\"><strong><span style=\"font-family: Verdana;\">\u00ab\u00a0Festival Cultures Crois\u00e9es\u00a0\u00bb<\/span><\/strong><span style=\"font-family: Arial;\"><br \/>\n<\/span><\/span><strong>Depuis sa cr\u00e9ation, nous avons organis\u00e9<br \/>\ndeux grands festivals<\/strong><\/td>\n<td align=\"center\" valign=\"middle\" bgcolor=\"#ffffff\" width=\"15\"><\/td>\n<td align=\"center\" valign=\"middle\" bgcolor=\"#000080\" width=\"118\"><span style=\"color: #ffffff; font-family: Arial;\"><strong><em>Dipl\u00f4me de M\u00e9c\u00e8ne d&rsquo;honneur<\/em><\/strong><\/span><br \/>\n<a href=\"..\/filimonova\/StPet2003\/bo3bpat.htm\" target=\"_blank\"><img loading=\"lazy\" decoding=\"async\" class=\" size-full wp-image-62\" alt=\"diplomep.jpg (1914 octets)\" src=\"http:\/\/galeriedeparis.fr\/wp3_af\/wp-content\/uploads\/2001\/06\/.._diplomep.jpg\" width=\"0\" height=\"0\" border=\"1\" \/><\/a><br \/>\n<span style=\"color: #ffffff; font-family: Arial;\"><strong><em>du Tricentenaire de la ville de Saint-P\u00e9tersbourg<br \/>\nd\u00e9cern\u00e9 au<br \/>\n\u00a0\u00bb Festival Cultures Crois\u00e9es \u00ab\u00a0<\/em><\/strong><\/span><\/td>\n<\/tr>\n<\/tbody>\n<\/table>\n<\/div>\n<\/td>\n<\/tr>\n<tr>\n<td align=\"center\" valign=\"top\" bgcolor=\"#000080\" width=\"175\">\n<div align=\"center\">\n<table border=\"0\" cellspacing=\"0\" cellpadding=\"0\">\n<tbody>\n<tr>\n<td align=\"center\" valign=\"middle\" bgcolor=\"#008080\">Ecoutez l&rsquo;interview<br \/>\nd&rsquo;Anna Filimonova<br \/>\nle jeudi 2 septembre sur<br \/>\n\u00ab\u00a0France Culture\u00a0\u00bb<br \/>\ndans l&rsquo;\u00e9mission \u00ab\u00a0double culture\u00a0\u00bb<br \/>\n\u00e0 22h 15<br \/>\nFrance Culture, Paris : 93,5<br \/>\n<a href=\"http:\/\/www.radiofrance.fr\/chaines\/france-culture2\/emissions\/doublecult\/index.php?emission_id=45060145\"><img loading=\"lazy\" decoding=\"async\" class=\" size-full wp-image-63\" alt=\"france_com.gif (842 octets)\" src=\"http:\/\/galeriedeparis.fr\/wp3_af\/wp-content\/uploads\/2001\/06\/.._images_france_com.gif\" width=\"0\" height=\"0\" border=\"0\" \/><\/a><\/td>\n<\/tr>\n<tr>\n<td colspan=\"3\" align=\"center\" valign=\"middle\" bgcolor=\"#000080\" width=\"530\"><strong><span style=\"color: #ffff00; font-family: Arial;\"><br \/>\n<\/span><span style=\"color: #ffffff; font-family: Arial; font-size: medium;\"><br \/>\n<\/span><\/strong><\/td>\n<\/tr>\n<tr>\n<td align=\"center\" valign=\"middle\" bgcolor=\"#000080\" height=\"25\"><\/td>\n<td align=\"center\" valign=\"middle\" bgcolor=\"#000080\" height=\"25\"><\/td>\n<td align=\"center\" valign=\"middle\" bgcolor=\"#000080\" height=\"25\"><\/td>\n<\/tr>\n<\/tbody>\n<\/table>\n<\/div>\n<\/td>\n<td align=\"center\" valign=\"top\" bgcolor=\"#f0fff0\" width=\"275\">\n<div align=\"center\">\n<table border=\"0\" cellspacing=\"0\" bgcolor=\"#ffffff\">\n<tbody>\n<tr>\n<td align=\"center\" valign=\"top\"><img loading=\"lazy\" decoding=\"async\" class=\" size-full wp-image-64\" alt=\"vadimfesitval.jpg (21083 octets)\" src=\"http:\/\/galeriedeparis.fr\/wp3_af\/wp-content\/uploads\/2001\/06\/.._vadimfesitval.jpg\" width=\"0\" height=\"0\" border=\"0\" \/><\/td>\n<\/tr>\n<\/tbody>\n<\/table>\n<\/div>\n<p align=\"center\"><span style=\"color: #408080; font-family: Arial Black;\">Premier<br \/>\n<\/span><a href=\"..\/festival2001.htm\"><span style=\"color: #0000ff; font-family: Arial Black;\">Festival<br \/>\n\u00ab\u00a0Cultures Crois\u00e9es\u00a0\u00bb<\/span><\/a><\/p>\n<p align=\"center\"><span style=\"color: #ff0000; font-family: Arial Black;\">2000-2001<\/span><\/p>\n<p align=\"center\"><strong><span style=\"font-family: Arial;\"><span style=\"color: #408080;\">autour de l&rsquo;Exposition d&rsquo;Anna Filimonova<br \/>\n<\/span><span style=\"color: #008080;\">Aux confins de l&rsquo;univers<\/span><\/span><\/strong><\/p>\n<div align=\"center\">\n<table border=\"0\" cellspacing=\"0\" bgcolor=\"#ffffff\">\n<tbody>\n<tr>\n<td><img loading=\"lazy\" decoding=\"async\" class=\" size-full wp-image-65\" alt=\"poesie.jpg (11193 octets)\" src=\"http:\/\/galeriedeparis.fr\/wp3_af\/wp-content\/uploads\/2001\/06\/.._poesie.jpg\" width=\"0\" height=\"0\" border=\"0\" \/><\/td>\n<\/tr>\n<\/tbody>\n<\/table>\n<\/div>\n<\/td>\n<td align=\"center\" valign=\"top\" bgcolor=\"#c4ffff\" width=\"275\">\n<div align=\"center\">\n<table border=\"0\" cellspacing=\"0\" bgcolor=\"#ffffff\">\n<tbody>\n<tr>\n<td><img loading=\"lazy\" decoding=\"async\" class=\" size-full wp-image-66\" alt=\"festivaldrint.jpg (11265 octets)\" src=\"http:\/\/galeriedeparis.fr\/wp3_af\/wp-content\/uploads\/2001\/06\/.._festivaldrint.jpg\" width=\"0\" height=\"0\" border=\"0\" \/><\/td>\n<\/tr>\n<\/tbody>\n<\/table>\n<\/div>\n<p align=\"center\"><span style=\"color: #008080; font-family: Arial Black;\"><a href=\"..\/filimonova\/stpetb.htm\">Deuxi\u00e8me<br \/>\nFestival Cultures Crois\u00e9es<\/a><\/span><\/p>\n<p align=\"center\"><span style=\"color: #ff0000; font-family: Arial Black;\">2003<\/span><\/p>\n<p align=\"center\"><a href=\"..\/filimonova\/stpetb.htm\"><span style=\"color: #0000ff; font-family: Arial; font-size: medium;\"><strong>\u00ab\u00a0Paris\u00a0 \u00e0 Saint-Petersbourg\u00a0\u00bb<\/strong><\/span><\/a><br \/>\n<span style=\"color: #408080; font-family: Arial; font-size: small;\"><strong>autour de l&rsquo;exposition<br \/>\nd&rsquo;Anna Filimonova<br \/>\n\u00ab\u00a010 ans de Paris,<br \/>\n\u00e0 Saint-P\u00e9tersbourg avec amour\u00a0\u00bb <\/strong><\/span><\/p>\n<div align=\"center\">\n<table border=\"0\" cellspacing=\"0\" bgcolor=\"#ffffff\">\n<tbody>\n<tr>\n<td><img loading=\"lazy\" decoding=\"async\" class=\" size-full wp-image-67\" alt=\"festivaldrrue.jpg (15554 octets)\" src=\"http:\/\/galeriedeparis.fr\/wp3_af\/wp-content\/uploads\/2001\/06\/.._festivaldrrue.jpg\" width=\"0\" height=\"0\" border=\"0\" \/><\/td>\n<\/tr>\n<\/tbody>\n<\/table>\n<\/div>\n<\/td>\n<td align=\"center\" valign=\"middle\" bgcolor=\"#000080\" width=\"55\"><a href=\"http:\/\/petersburgcity.com\/\" target=\"_blank\"><img loading=\"lazy\" decoding=\"async\" class=\" size-full wp-image-68\" alt=\"sptpt.gif (8465 octets)\" src=\"http:\/\/galeriedeparis.fr\/wp3_af\/wp-content\/uploads\/2001\/06\/.._img_sptpt.gif\" width=\"0\" height=\"0\" border=\"1\" \/><\/a><\/td>\n<\/tr>\n<\/tbody>\n<\/table>\n<div align=\"center\">\n<table width=\"700\" border=\"0\" cellspacing=\"10\" cellpadding=\"2\">\n<tbody>\n<tr>\n<td rowspan=\"2\" align=\"left\" valign=\"middle\" width=\"100\" height=\"102\"><em><strong><span style=\"color: #000080; font-family: Arial;\">Vers \u00a0le site de notre Pr\u00e9sidente<br \/>\n<\/span><span style=\"color: #000000; font-family: Arial;\">Anna<\/span><\/strong><\/em><a href=\"http:\/\/www.filimonova.com\" target=\"_blank\"><img loading=\"lazy\" decoding=\"async\" class=\" size-full wp-image-69\" alt=\"annabout.gif (3363 octets)\" src=\"http:\/\/galeriedeparis.fr\/wp3_af\/wp-content\/uploads\/2001\/06\/.._images_annabout.gif\" width=\"0\" height=\"0\" border=\"0\" \/><\/a> <span style=\"font-family: Arial;\"><em><strong>Filimonova<\/strong><\/em><\/span><\/td>\n<td rowspan=\"2\" align=\"center\" valign=\"middle\" width=\"75\" height=\"102\"><\/td>\n<td rowspan=\"2\" align=\"center\" valign=\"middle\" width=\"300\" height=\"102\"><a href=\"..\/filimonova\/inscription.htm\" target=\"_blank\"><span style=\"color: #0000a0; font-family: Arial;\"><strong>Anna Filimonova<br \/>\net L&rsquo;Association vous inviteront<br \/>\n\u00e0 Saint-P\u00e9tersbourg<br \/>\nen mai 2005<\/strong><\/span><\/a><\/td>\n<td rowspan=\"2\" align=\"center\" valign=\"middle\" width=\"75\"><\/td>\n<td align=\"left\" valign=\"bottom\" width=\"100\"><strong><span style=\"color: #0000a0; font-family: Arial; font-size: small;\"><em>Pour nous \u00e9crire :<\/em><\/span><\/strong><\/td>\n<\/tr>\n<tr>\n<td align=\"center\" valign=\"middle\" width=\"200\"><strong><a href=\"mailto:festival@crossline.com\"><span style=\"color: #004080; font-family: Arial; font-size: small;\"><em>festival@crossline.com<\/em><\/span><\/a><\/strong><\/td>\n<\/tr>\n<tr>\n<td colspan=\"5\" align=\"center\" valign=\"top\" height=\"21\"><\/td>\n<\/tr>\n<\/tbody>\n<\/table>\n<\/div>\n<div align=\"left\">\n<table border=\"0\" cellpadding=\"2\">\n<tbody>\n<tr>\n<td align=\"center\" valign=\"middle\"><\/td>\n<td align=\"center\" valign=\"middle\"><\/td>\n<td align=\"center\" valign=\"middle\"><\/td>\n<td align=\"center\" valign=\"middle\"><\/td>\n<td align=\"center\" valign=\"middle\"><\/td>\n<td align=\"center\" valign=\"middle\"><\/td>\n<\/tr>\n<\/tbody>\n<\/table>\n<\/div>\n","protected":false},"excerpt":{"rendered":"<p>&nbsp; \u00ab\u00a0Festival Cultures Crois\u00e9es\u00a0\u00bb Depuis sa cr\u00e9ation, nous avons organis\u00e9 deux grands festivals Dipl\u00f4me de M\u00e9c\u00e8ne d&rsquo;honneur du Tricentenaire de la ville de Saint-P\u00e9tersbourg d\u00e9cern\u00e9 au \u00a0\u00bb Festival Cultures Crois\u00e9es \u00ab\u00a0 Ecoutez l&rsquo;interview d&rsquo;Anna Filimonova le jeudi 2 septembre sur \u00ab\u00a0France Culture\u00a0\u00bb dans l&rsquo;\u00e9mission \u00ab\u00a0double culture\u00a0\u00bb \u00e0 22h 15 France Culture, Paris : 93,5 Premier &hellip; <\/p>\n<p class=\"link-more\"><a href=\"https:\/\/galeriedeparis.fr\/wp3_af\/?p=98\" class=\"more-link\">Continuer la lecture<span class=\"screen-reader-text\"> de &laquo;&nbsp;2001 &#8211; 2003&nbsp;&raquo;<\/span><\/a><\/p>\n","protected":false},"author":1,"featured_media":61,"comment_status":"open","ping_status":"open","sticky":false,"template":"","format":"standard","meta":{"footnotes":""},"categories":[12],"tags":[],"class_list":["post-98","post","type-post","status-publish","format-standard","has-post-thumbnail","hentry","category-expositions"],"_links":{"self":[{"href":"https:\/\/galeriedeparis.fr\/wp3_af\/index.php?rest_route=\/wp\/v2\/posts\/98","targetHints":{"allow":["GET"]}}],"collection":[{"href":"https:\/\/galeriedeparis.fr\/wp3_af\/index.php?rest_route=\/wp\/v2\/posts"}],"about":[{"href":"https:\/\/galeriedeparis.fr\/wp3_af\/index.php?rest_route=\/wp\/v2\/types\/post"}],"author":[{"embeddable":true,"href":"https:\/\/galeriedeparis.fr\/wp3_af\/index.php?rest_route=\/wp\/v2\/users\/1"}],"replies":[{"embeddable":true,"href":"https:\/\/galeriedeparis.fr\/wp3_af\/index.php?rest_route=%2Fwp%2Fv2%2Fcomments&post=98"}],"version-history":[{"count":2,"href":"https:\/\/galeriedeparis.fr\/wp3_af\/index.php?rest_route=\/wp\/v2\/posts\/98\/revisions"}],"predecessor-version":[{"id":1286,"href":"https:\/\/galeriedeparis.fr\/wp3_af\/index.php?rest_route=\/wp\/v2\/posts\/98\/revisions\/1286"}],"wp:featuredmedia":[{"embeddable":true,"href":"https:\/\/galeriedeparis.fr\/wp3_af\/index.php?rest_route=\/wp\/v2\/media\/61"}],"wp:attachment":[{"href":"https:\/\/galeriedeparis.fr\/wp3_af\/index.php?rest_route=%2Fwp%2Fv2%2Fmedia&parent=98"}],"wp:term":[{"taxonomy":"category","embeddable":true,"href":"https:\/\/galeriedeparis.fr\/wp3_af\/index.php?rest_route=%2Fwp%2Fv2%2Fcategories&post=98"},{"taxonomy":"post_tag","embeddable":true,"href":"https:\/\/galeriedeparis.fr\/wp3_af\/index.php?rest_route=%2Fwp%2Fv2%2Ftags&post=98"}],"curies":[{"name":"wp","href":"https:\/\/api.w.org\/{rel}","templated":true}]}}